{"id":1139,"date":"2023-12-08T15:16:48","date_gmt":"2023-12-08T14:16:48","guid":{"rendered":"https:\/\/aikido-saint-andiol.fr\/?p=1139"},"modified":"2023-12-08T15:16:49","modified_gmt":"2023-12-08T14:16:49","slug":"changement-dhoraire-et-de-lieu-du-cours-de-vendredi-et-annulation-du-cours-du-samedi","status":"publish","type":"post","link":"https:\/\/aikido-saint-andiol.fr\/?p=1139","title":{"rendered":"Changement d&#8217;horaire et de lieu du cours de vendredi et annulation du cours du samedi"},"content":{"rendered":"\n<p>Bonjour, la mairie ayant r\u00e9quisitionn\u00e9 la salle, le cours de ce soir se d\u00e9roulera \u00e0 18h a la salle de sport du coll\u00e8ge de Saint Andiol. Les cours de samedi sont annul\u00e9s.<\/p>\n","protected":false},"excerpt":{"rendered":"<p>Bonjour, la mairie ayant r\u00e9quisitionn\u00e9 la salle, le cours de ce soir se d\u00e9roulera \u00e0 18h a la salle de sport du coll\u00e8ge de Saint Andiol. Les cours de samedi sont annul\u00e9s.<\/p>\n","protected":false},"author":1,"featured_media":0,"comment_status":"open","ping_status":"open","sticky":false,"template":"","format":"standard","meta":{"site-sidebar-layout":"default","site-content-layout":"","ast-site-content-layout":"","site-content-style":"default","site-sidebar-style":"default","ast-global-header-display":"","ast-banner-title-visibility":"","ast-main-header-display":"","ast-hfb-above-header-display":"","ast-hfb-below-header-display":"","ast-hfb-mobile-header-display":"","site-post-title":"","ast-breadcrumbs-content":"","ast-featured-img":"","footer-sml-layout":"","theme-transparent-header-meta":"","adv-header-id-meta":"","stick-header-meta":"","header-above-stick-meta":"","header-main-stick-meta":"","header-below-stick-meta":"","astra-migrate-meta-layouts":"","footnotes":""},"categories":[1],"tags":[],"class_list":["post-1139","post","type-post","status-publish","format-standard","hentry","category-non-classe"],"yoast_head":"<!-- This site is optimized with the Yoast SEO plugin v23.4 - https:\/\/yoast.com\/wordpress\/plugins\/seo\/ -->\n<title>Changement d&#039;horaire et de lieu du cours de vendredi et annulation du cours du samedi - Aikido Saint-Andiol<\/title>\n<meta name=\"robots\" content=\"index, follow, max-snippet:-1, max-image-preview:large, max-video-preview:-1\" \/>\n<link rel=\"canonical\" href=\"https:\/\/aikido-saint-andiol.fr\/?p=1139\" \/>\n<meta property=\"og:locale\" content=\"en_US\" \/>\n<meta property=\"og:type\" content=\"article\" \/>\n<meta property=\"og:title\" content=\"Changement d&#039;horaire et de lieu du cours de vendredi et annulation du cours du samedi - Aikido Saint-Andiol\" \/>\n<meta property=\"og:description\" content=\"Bonjour, la mairie ayant r\u00e9quisitionn\u00e9 la salle, le cours de ce soir se d\u00e9roulera \u00e0 18h a la salle de sport du coll\u00e8ge de Saint Andiol. Les cours de samedi sont annul\u00e9s.\" \/>\n<meta property=\"og:url\" content=\"https:\/\/aikido-saint-andiol.fr\/?p=1139\" \/>\n<meta property=\"og:site_name\" content=\"Aikido Saint-Andiol\" \/>\n<meta property=\"article:published_time\" content=\"2023-12-08T14:16:48+00:00\" \/>\n<meta property=\"article:modified_time\" content=\"2023-12-08T14:16:49+00:00\" \/>\n<meta name=\"author\" content=\"admin9990\" \/>\n<meta name=\"twitter:card\" content=\"summary_large_image\" \/>\n<meta name=\"twitter:label1\" content=\"Written by\" \/>\n\t<meta name=\"twitter:data1\" content=\"admin9990\" \/>\n\t<meta name=\"twitter:label2\" content=\"Est. reading time\" \/>\n\t<meta name=\"twitter:data2\" content=\"1 minute\" \/>\n<script type=\"application\/ld+json\" class=\"yoast-schema-graph\">{\"@context\":\"https:\/\/schema.org\",\"@graph\":[{\"@type\":\"Article\",\"@id\":\"https:\/\/aikido-saint-andiol.fr\/?p=1139#article\",\"isPartOf\":{\"@id\":\"https:\/\/aikido-saint-andiol.fr\/?p=1139\"},\"author\":{\"name\":\"admin9990\",\"@id\":\"https:\/\/aikido-saint-andiol.fr\/#\/schema\/person\/4fcd3e08cb9725409e9f99fada4081ad\"},\"headline\":\"Changement d&#8217;horaire et de lieu du cours de vendredi et annulation du cours du samedi\",\"datePublished\":\"2023-12-08T14:16:48+00:00\",\"dateModified\":\"2023-12-08T14:16:49+00:00\",\"mainEntityOfPage\":{\"@id\":\"https:\/\/aikido-saint-andiol.fr\/?p=1139\"},\"wordCount\":50,\"commentCount\":0,\"publisher\":{\"@id\":\"https:\/\/aikido-saint-andiol.fr\/#organization\"},\"articleSection\":[\"Non class\u00e9\"],\"inLanguage\":\"en-US\",\"potentialAction\":[{\"@type\":\"CommentAction\",\"name\":\"Comment\",\"target\":[\"https:\/\/aikido-saint-andiol.fr\/?p=1139#respond\"]}]},{\"@type\":\"WebPage\",\"@id\":\"https:\/\/aikido-saint-andiol.fr\/?p=1139\",\"url\":\"https:\/\/aikido-saint-andiol.fr\/?p=1139\",\"name\":\"Changement d'horaire et de lieu du cours de vendredi et annulation du cours du samedi - Aikido Saint-Andiol\",\"isPartOf\":{\"@id\":\"https:\/\/aikido-saint-andiol.fr\/#website\"},\"datePublished\":\"2023-12-08T14:16:48+00:00\",\"dateModified\":\"2023-12-08T14:16:49+00:00\",\"breadcrumb\":{\"@id\":\"https:\/\/aikido-saint-andiol.fr\/?p=1139#breadcrumb\"},\"inLanguage\":\"en-US\",\"potentialAction\":[{\"@type\":\"ReadAction\",\"target\":[\"https:\/\/aikido-saint-andiol.fr\/?p=1139\"]}]},{\"@type\":\"BreadcrumbList\",\"@id\":\"https:\/\/aikido-saint-andiol.fr\/?p=1139#breadcrumb\",\"itemListElement\":[{\"@type\":\"ListItem\",\"position\":1,\"name\":\"Accueil\",\"item\":\"https:\/\/aikido-saint-andiol.fr\/\"},{\"@type\":\"ListItem\",\"position\":2,\"name\":\"Changement d&#8217;horaire et de lieu du cours de vendredi et annulation du cours du samedi\"}]},{\"@type\":\"WebSite\",\"@id\":\"https:\/\/aikido-saint-andiol.fr\/#website\",\"url\":\"https:\/\/aikido-saint-andiol.fr\/\",\"name\":\"Aikido Saint-Andiol\",\"description\":\"Bienvenue \u00e0 l&#039;A\u00efkido Club Saint-Andiol\",\"publisher\":{\"@id\":\"https:\/\/aikido-saint-andiol.fr\/#organization\"},\"potentialAction\":[{\"@type\":\"SearchAction\",\"target\":{\"@type\":\"EntryPoint\",\"urlTemplate\":\"https:\/\/aikido-saint-andiol.fr\/?s={search_term_string}\"},\"query-input\":{\"@type\":\"PropertyValueSpecification\",\"valueRequired\":true,\"valueName\":\"search_term_string\"}}],\"inLanguage\":\"en-US\"},{\"@type\":\"Organization\",\"@id\":\"https:\/\/aikido-saint-andiol.fr\/#organization\",\"name\":\"Aikido Saint-Andiol\",\"url\":\"https:\/\/aikido-saint-andiol.fr\/\",\"logo\":{\"@type\":\"ImageObject\",\"inLanguage\":\"en-US\",\"@id\":\"https:\/\/aikido-saint-andiol.fr\/#\/schema\/logo\/image\/\",\"url\":\"https:\/\/aikido-saint-andiol.fr\/wp-content\/uploads\/2023\/08\/aikido50x400.png\",\"contentUrl\":\"https:\/\/aikido-saint-andiol.fr\/wp-content\/uploads\/2023\/08\/aikido50x400.png\",\"width\":400,\"height\":50,\"caption\":\"Aikido Saint-Andiol\"},\"image\":{\"@id\":\"https:\/\/aikido-saint-andiol.fr\/#\/schema\/logo\/image\/\"}},{\"@type\":\"Person\",\"@id\":\"https:\/\/aikido-saint-andiol.fr\/#\/schema\/person\/4fcd3e08cb9725409e9f99fada4081ad\",\"name\":\"admin9990\",\"image\":{\"@type\":\"ImageObject\",\"inLanguage\":\"en-US\",\"@id\":\"https:\/\/aikido-saint-andiol.fr\/#\/schema\/person\/image\/\",\"url\":\"https:\/\/secure.gravatar.com\/avatar\/e518e704e2cf146dd60879cf1104c0383a8247ff6a89eb6df75b73c76a93399d?s=96&d=mm&r=g\",\"contentUrl\":\"https:\/\/secure.gravatar.com\/avatar\/e518e704e2cf146dd60879cf1104c0383a8247ff6a89eb6df75b73c76a93399d?s=96&d=mm&r=g\",\"caption\":\"admin9990\"},\"sameAs\":[\"http:\/\/aikido-saint-andiol.fr\"],\"url\":\"https:\/\/aikido-saint-andiol.fr\/?author=1\"}]}<\/script>\n<!-- \/ Yoast SEO plugin. -->","yoast_head_json":{"title":"Changement d'horaire et de lieu du cours de vendredi et annulation du cours du samedi - Aikido Saint-Andiol","robots":{"index":"index","follow":"follow","max-snippet":"max-snippet:-1","max-image-preview":"max-image-preview:large","max-video-preview":"max-video-preview:-1"},"canonical":"https:\/\/aikido-saint-andiol.fr\/?p=1139","og_locale":"en_US","og_type":"article","og_title":"Changement d'horaire et de lieu du cours de vendredi et annulation du cours du samedi - Aikido Saint-Andiol","og_description":"Bonjour, la mairie ayant r\u00e9quisitionn\u00e9 la salle, le cours de ce soir se d\u00e9roulera \u00e0 18h a la salle de sport du coll\u00e8ge de Saint Andiol. Les cours de samedi sont annul\u00e9s.","og_url":"https:\/\/aikido-saint-andiol.fr\/?p=1139","og_site_name":"Aikido Saint-Andiol","article_published_time":"2023-12-08T14:16:48+00:00","article_modified_time":"2023-12-08T14:16:49+00:00","author":"admin9990","twitter_card":"summary_large_image","twitter_misc":{"Written by":"admin9990","Est. reading time":"1 minute"},"schema":{"@context":"https:\/\/schema.org","@graph":[{"@type":"Article","@id":"https:\/\/aikido-saint-andiol.fr\/?p=1139#article","isPartOf":{"@id":"https:\/\/aikido-saint-andiol.fr\/?p=1139"},"author":{"name":"admin9990","@id":"https:\/\/aikido-saint-andiol.fr\/#\/schema\/person\/4fcd3e08cb9725409e9f99fada4081ad"},"headline":"Changement d&#8217;horaire et de lieu du cours de vendredi et annulation du cours du samedi","datePublished":"2023-12-08T14:16:48+00:00","dateModified":"2023-12-08T14:16:49+00:00","mainEntityOfPage":{"@id":"https:\/\/aikido-saint-andiol.fr\/?p=1139"},"wordCount":50,"commentCount":0,"publisher":{"@id":"https:\/\/aikido-saint-andiol.fr\/#organization"},"articleSection":["Non class\u00e9"],"inLanguage":"en-US","potentialAction":[{"@type":"CommentAction","name":"Comment","target":["https:\/\/aikido-saint-andiol.fr\/?p=1139#respond"]}]},{"@type":"WebPage","@id":"https:\/\/aikido-saint-andiol.fr\/?p=1139","url":"https:\/\/aikido-saint-andiol.fr\/?p=1139","name":"Changement d'horaire et de lieu du cours de vendredi et annulation du cours du samedi - Aikido Saint-Andiol","isPartOf":{"@id":"https:\/\/aikido-saint-andiol.fr\/#website"},"datePublished":"2023-12-08T14:16:48+00:00","dateModified":"2023-12-08T14:16:49+00:00","breadcrumb":{"@id":"https:\/\/aikido-saint-andiol.fr\/?p=1139#breadcrumb"},"inLanguage":"en-US","potentialAction":[{"@type":"ReadAction","target":["https:\/\/aikido-saint-andiol.fr\/?p=1139"]}]},{"@type":"BreadcrumbList","@id":"https:\/\/aikido-saint-andiol.fr\/?p=1139#breadcrumb","itemListElement":[{"@type":"ListItem","position":1,"name":"Accueil","item":"https:\/\/aikido-saint-andiol.fr\/"},{"@type":"ListItem","position":2,"name":"Changement d&#8217;horaire et de lieu du cours de vendredi et annulation du cours du samedi"}]},{"@type":"WebSite","@id":"https:\/\/aikido-saint-andiol.fr\/#website","url":"https:\/\/aikido-saint-andiol.fr\/","name":"Aikido Saint-Andiol","description":"Bienvenue \u00e0 l&#039;A\u00efkido Club Saint-Andiol","publisher":{"@id":"https:\/\/aikido-saint-andiol.fr\/#organization"},"potentialAction":[{"@type":"SearchAction","target":{"@type":"EntryPoint","urlTemplate":"https:\/\/aikido-saint-andiol.fr\/?s={search_term_string}"},"query-input":{"@type":"PropertyValueSpecification","valueRequired":true,"valueName":"search_term_string"}}],"inLanguage":"en-US"},{"@type":"Organization","@id":"https:\/\/aikido-saint-andiol.fr\/#organization","name":"Aikido Saint-Andiol","url":"https:\/\/aikido-saint-andiol.fr\/","logo":{"@type":"ImageObject","inLanguage":"en-US","@id":"https:\/\/aikido-saint-andiol.fr\/#\/schema\/logo\/image\/","url":"https:\/\/aikido-saint-andiol.fr\/wp-content\/uploads\/2023\/08\/aikido50x400.png","contentUrl":"https:\/\/aikido-saint-andiol.fr\/wp-content\/uploads\/2023\/08\/aikido50x400.png","width":400,"height":50,"caption":"Aikido Saint-Andiol"},"image":{"@id":"https:\/\/aikido-saint-andiol.fr\/#\/schema\/logo\/image\/"}},{"@type":"Person","@id":"https:\/\/aikido-saint-andiol.fr\/#\/schema\/person\/4fcd3e08cb9725409e9f99fada4081ad","name":"admin9990","image":{"@type":"ImageObject","inLanguage":"en-US","@id":"https:\/\/aikido-saint-andiol.fr\/#\/schema\/person\/image\/","url":"https:\/\/secure.gravatar.com\/avatar\/e518e704e2cf146dd60879cf1104c0383a8247ff6a89eb6df75b73c76a93399d?s=96&d=mm&r=g","contentUrl":"https:\/\/secure.gravatar.com\/avatar\/e518e704e2cf146dd60879cf1104c0383a8247ff6a89eb6df75b73c76a93399d?s=96&d=mm&r=g","caption":"admin9990"},"sameAs":["http:\/\/aikido-saint-andiol.fr"],"url":"https:\/\/aikido-saint-andiol.fr\/?author=1"}]}},"_links":{"self":[{"href":"https:\/\/aikido-saint-andiol.fr\/index.php?rest_route=\/wp\/v2\/posts\/1139","targetHints":{"allow":["GET"]}}],"collection":[{"href":"https:\/\/aikido-saint-andiol.fr\/index.php?rest_route=\/wp\/v2\/posts"}],"about":[{"href":"https:\/\/aikido-saint-andiol.fr\/index.php?rest_route=\/wp\/v2\/types\/post"}],"author":[{"embeddable":true,"href":"https:\/\/aikido-saint-andiol.fr\/index.php?rest_route=\/wp\/v2\/users\/1"}],"replies":[{"embeddable":true,"href":"https:\/\/aikido-saint-andiol.fr\/index.php?rest_route=%2Fwp%2Fv2%2Fcomments&post=1139"}],"version-history":[{"count":1,"href":"https:\/\/aikido-saint-andiol.fr\/index.php?rest_route=\/wp\/v2\/posts\/1139\/revisions"}],"predecessor-version":[{"id":1140,"href":"https:\/\/aikido-saint-andiol.fr\/index.php?rest_route=\/wp\/v2\/posts\/1139\/revisions\/1140"}],"wp:attachment":[{"href":"https:\/\/aikido-saint-andiol.fr\/index.php?rest_route=%2Fwp%2Fv2%2Fmedia&parent=1139"}],"wp:term":[{"taxonomy":"category","embeddable":true,"href":"https:\/\/aikido-saint-andiol.fr\/index.php?rest_route=%2Fwp%2Fv2%2Fcategories&post=1139"},{"taxonomy":"post_tag","embeddable":true,"href":"https:\/\/aikido-saint-andiol.fr\/index.php?rest_route=%2Fwp%2Fv2%2Ftags&post=1139"}],"curies":[{"name":"wp","href":"https:\/\/api.w.org\/{rel}","templated":true}]}}